{"id":8359,"date":"2024-06-26T13:34:18","date_gmt":"2024-06-26T18:34:18","guid":{"rendered":"https:\/\/biodiversidadanp.sernanp.gob.pe\/?post_type=noticias&#038;p=8359"},"modified":"2024-06-26T13:38:51","modified_gmt":"2024-06-26T18:38:51","slug":"una-nueva-especie-de-rana-es-descubierta-en-el-area-de-conservacion-privada-panguana-departamento-de-huanuco-peru","status":"publish","type":"noticias","link":"https:\/\/biodiversidadanp.sernanp.gob.pe\/en\/noticias\/una-nueva-especie-de-rana-es-descubierta-en-el-area-de-conservacion-privada-panguana-departamento-de-huanuco-peru\/","title":{"rendered":"Una nueva especie de rana es descubierta en el \u00c1rea de Conservaci\u00f3n Privada Panguana, departamento de Hu\u00e1nuco \u2013 Per\u00fa"},"content":{"rendered":"\n<p>El trabajo colaborativo entre cient\u00edficos de varias instituciones ha permitido describir una nueva especie de rana para la ciencia, se trata <strong><em>Pristimantis asimus <\/em><\/strong>sp. nov., una especie hermana de <em>Pristimantis reichlei<\/em>. Estas dos especies hermanas habitan las tierras bajas amaz\u00f3nicas y las estribaciones adyacentes de los Andes, desde el centro de Bolivia hasta el centro de Per\u00fa.<\/p>\n\n\n\n<p>La nueva especie <strong><em>P. asimus<\/em><\/strong> se encuentra en bosques h\u00famedos de tierras bajas desde el sur del Departamento Hu\u00e1nuco (Panguana, localidad tipo) y el este del Departamento Ucayali (Breu, R\u00edo Yurua) hacia el sur a trav\u00e9s de la mayor\u00eda de las tierras bajas del sureste de Per\u00fa, alcanzando las zonas de amortiguamiento de la Reserva Comunal Machiguenga (Departamento Cusco) y el Parque Nacional Manu Manu (Departamento Madre de Dios) en el sur, as\u00ed como el extremo norte de Bolivia (Bioce\u00e1nica, Departamento Pando) en el este (Fig. 9).Todas las localidades conocidas se encuentran a elevaciones entre 220 y 470 m s.n.m.<\/p>\n\n\n\n<p>Este nuevo descubrimiento confirma la gran diversidad que alberga nuestro pa\u00eds, sobre todo en el \u00e1mbito de las \u00e1reas naturales protegidas, destacando su gran valor para la conservaci\u00f3n de la biodiversidad del Per\u00fa.<\/p>\n\n\n\n<figure class=\"wp-block-gallery columns-1 is-cropped\"><ul class=\"blocks-gallery-grid\"><li class=\"blocks-gallery-item\"><figure><img loading=\"lazy\" width=\"1024\" height=\"766\" src=\"https:\/\/biodiversidadanp.sernanp.gob.pe\/wp-content\/uploads\/2024\/06\/Pristimatis_asimus-1024x766.jpg\" alt=\"\" data-id=\"8360\" data-full-url=\"https:\/\/biodiversidadanp.sernanp.gob.pe\/wp-content\/uploads\/2024\/06\/Pristimatis_asimus.jpg\" data-link=\"https:\/\/biodiversidadanp.sernanp.gob.pe\/?attachment_id=8360\" class=\"wp-image-8360\" srcset=\"https:\/\/biodiversidadanp.sernanp.gob.pe\/wp-content\/uploads\/2024\/06\/Pristimatis_asimus-1024x766.jpg 1024w, https:\/\/biodiversidadanp.sernanp.gob.pe\/wp-content\/uploads\/2024\/06\/Pristimatis_asimus-300x224.jpg 300w, https:\/\/biodiversidadanp.sernanp.gob.pe\/wp-content\/uploads\/2024\/06\/Pristimatis_asimus-768x575.jpg 768w, https:\/\/biodiversidadanp.sernanp.gob.pe\/wp-content\/uploads\/2024\/06\/Pristimatis_asimus-1536x1149.jpg 1536w, https:\/\/biodiversidadanp.sernanp.gob.pe\/wp-content\/uploads\/2024\/06\/Pristimatis_asimus-16x12.jpg 16w, https:\/\/biodiversidadanp.sernanp.gob.pe\/wp-content\/uploads\/2024\/06\/Pristimatis_asimus.jpg 1947w\" sizes=\"(max-width: 1024px) 100vw, 1024px\" \/><\/figure><\/li><\/ul><figcaption class=\"blocks-gallery-caption\">Foto: J\u00f6rn K\u00f6hler et al.<\/figcaption><\/figure>\n\n\n\n<p>El art\u00edculo cient\u00edfico puede ser consultado en el siguiente enlace: <\/p>\n\n\n\n<p><a href=\"https:\/\/zse.pensoft.net\/article\/119143\/\" title=\"\">https:\/\/zse.pensoft.net\/article\/119143\/<\/a><\/p>\n","protected":false},"featured_media":0,"template":"","blocksy_meta":{"styles_descriptor":{"styles":{"desktop":"","tablet":"","mobile":""},"google_fonts":[],"version":4}},"aioseo_notices":[],"_links":{"self":[{"href":"https:\/\/biodiversidadanp.sernanp.gob.pe\/en\/wp-json\/wp\/v2\/noticias\/8359"}],"collection":[{"href":"https:\/\/biodiversidadanp.sernanp.gob.pe\/en\/wp-json\/wp\/v2\/noticias"}],"about":[{"href":"https:\/\/biodiversidadanp.sernanp.gob.pe\/en\/wp-json\/wp\/v2\/types\/noticias"}],"wp:attachment":[{"href":"https:\/\/biodiversidadanp.sernanp.gob.pe\/en\/wp-json\/wp\/v2\/media?parent=8359"}],"curies":[{"name":"wp","href":"https:\/\/api.w.org\/{rel}","templated":true}]}}