{"id":8073,"date":"2023-11-13T11:35:36","date_gmt":"2023-11-13T16:35:36","guid":{"rendered":"https:\/\/biodiversidadanp.sernanp.gob.pe\/?post_type=noticias&#038;p=8073"},"modified":"2024-01-23T11:36:52","modified_gmt":"2024-01-23T16:36:52","slug":"cientificos-describen-tres-nuevas-especies-de-orquideas-de-los-bosques-nublados-de-chota-norte-de-peru","status":"publish","type":"noticias","link":"https:\/\/biodiversidadanp.sernanp.gob.pe\/en\/noticias\/cientificos-describen-tres-nuevas-especies-de-orquideas-de-los-bosques-nublados-de-chota-norte-de-peru\/","title":{"rendered":"Cient\u00edficos describen tres nuevas especies de orqu\u00eddeas de los bosques nublados de Chota, norte de Per\u00fa"},"content":{"rendered":"\n<p>Gracias a un estudio liderado por <a href=\"https:\/\/phytotaxa.mapress.com\/pt\/article\/view\/phytotaxa.625.1.5#author-1\">James Chamaya Gonzales<\/a> de la&nbsp; Universidad Nacional de Cajamarca que cont\u00f3 con la colaboraci\u00f3n del Herbario AMO, ha permitido describir tres nuevas especies de orqu\u00eddeas, provenientes de los bosques nublados de Chota, departamento de Cajamarca, al norte del Per\u00fa.<\/p>\n\n\n\n<p>Se trata de las especies <strong><em>Epidendrum acuntasiorum<\/em><\/strong> y <strong><em>E. retrolobatum<\/em><\/strong> pertenecientes al grupo Ferreyrae y <strong><em>E. bicornialpicola<\/em><\/strong> miembro del grupo Alpicolam, las tres nuevas orqu\u00eddeas fueron colectadas en el bosque montano nublado La Palma, localizado en los distritos de Conch\u00e1n y Chota, departamento de Cajamarca. Las visitas se realizaron en dos ocasiones, la primera durante la \u00e9poca seca (junio a septiembre 2022), y el segundo durante la temporada de lluvias (noviembre de 2022 a abril de 2023).<\/p>\n\n\n\n<figure class=\"wp-block-image size-full\"><img loading=\"lazy\" width=\"425\" height=\"294\" src=\"https:\/\/biodiversidadanp.sernanp.gob.pe\/wp-content\/uploads\/2023\/11\/Epidendrum-retrolobatum.jpg\" alt=\"\" class=\"wp-image-8074\" srcset=\"https:\/\/biodiversidadanp.sernanp.gob.pe\/wp-content\/uploads\/2023\/11\/Epidendrum-retrolobatum.jpg 425w, https:\/\/biodiversidadanp.sernanp.gob.pe\/wp-content\/uploads\/2023\/11\/Epidendrum-retrolobatum-300x208.jpg 300w, https:\/\/biodiversidadanp.sernanp.gob.pe\/wp-content\/uploads\/2023\/11\/Epidendrum-retrolobatum-18x12.jpg 18w\" sizes=\"(max-width: 425px) 100vw, 425px\" \/><figcaption>Foto:   <a href=\"https:\/\/phytotaxa.mapress.com\/pt\/article\/view\/phytotaxa.625.1.5#author-1\">James Chamaya Gonzales<\/a> <\/figcaption><\/figure>\n\n\n\n<p>Actualmente La Palma se encuentra reducida a relictos de bosque nuboso, causado principalmente por la intervenci\u00f3n humana, por lo que gener\u00f3 el inter\u00e9s de los investigadores, debido a la falta de informaci\u00f3n de las especies que lo componen y el poco inter\u00e9s para su conservaci\u00f3n.<\/p>\n\n\n\n<p>La descripci\u00f3n de estas nuevas especies confirma los altos niveles de diversidad de nuestro pa\u00eds.<\/p>\n\n\n\n<p>El art\u00edculo puede ser consultado en el siguiente enlace:<\/p>\n\n\n\n<p><a href=\"https:\/\/phytotaxa.mapress.com\/pt\/article\/view\/phytotaxa.625.1.5\">https:\/\/phytotaxa.mapress.com\/pt\/article\/view\/phytotaxa.625.1.5<\/a><\/p>\n","protected":false},"featured_media":0,"template":"","blocksy_meta":{"styles_descriptor":{"styles":{"desktop":"","tablet":"","mobile":""},"google_fonts":[],"version":4}},"aioseo_notices":[],"_links":{"self":[{"href":"https:\/\/biodiversidadanp.sernanp.gob.pe\/en\/wp-json\/wp\/v2\/noticias\/8073"}],"collection":[{"href":"https:\/\/biodiversidadanp.sernanp.gob.pe\/en\/wp-json\/wp\/v2\/noticias"}],"about":[{"href":"https:\/\/biodiversidadanp.sernanp.gob.pe\/en\/wp-json\/wp\/v2\/types\/noticias"}],"wp:attachment":[{"href":"https:\/\/biodiversidadanp.sernanp.gob.pe\/en\/wp-json\/wp\/v2\/media?parent=8073"}],"curies":[{"name":"wp","href":"https:\/\/api.w.org\/{rel}","templated":true}]}}