{"id":7912,"date":"2023-09-05T11:30:47","date_gmt":"2023-09-05T16:30:47","guid":{"rendered":"https:\/\/biodiversidadanp.sernanp.gob.pe\/?post_type=noticias&#038;p=7912"},"modified":"2024-01-23T11:37:07","modified_gmt":"2024-01-23T16:37:07","slug":"cientificos-describen-una-nueva-especie-orquidea-en-el-area-de-conservacion-privada-la-pampa-del-burro-amazonas-peru","status":"publish","type":"noticias","link":"https:\/\/biodiversidadanp.sernanp.gob.pe\/en\/noticias\/cientificos-describen-una-nueva-especie-orquidea-en-el-area-de-conservacion-privada-la-pampa-del-burro-amazonas-peru\/","title":{"rendered":"Cient\u00edficos describen una nueva especie orqu\u00eddea en el \u00c1rea de Conservaci\u00f3n Privada La Pampa Del Burro, Amazonas, Per\u00fa"},"content":{"rendered":"\n<p>Gracias a una colaboraci\u00f3n entre investigadores del Instituto de Investigaci\u00f3n para el Desarrollo Sustentable de Ceja de Selva (INDES-CES) y del Instituto de Investigaci\u00f3n, Innovaci\u00f3n y Desarrollo para el Sector Agrario y Agroindustrial (IIDAA) de la Universidad Nacional Toribio Rodr\u00edguez de Mendoza de Amazonas (UNTRM) en colaboraci\u00f3n con la Universidad Nacional Aut\u00f3noma de M\u00e9xico y el Herbario AMO (Asociaci\u00f3n Mexicana de Orquideolog\u00eda), permiti\u00f3 describir a una nueva especie de <strong>Epidendrum<\/strong> (Orqu\u00eddea), en el \u00c1rea de Conservaci\u00f3n Privada La Pampa del Burro, &nbsp;en el Departamento de Amazonas al nor este del Per\u00fa. Se trata de la nueva especie <em><strong>Epidendrum edquenii<\/strong> <strong>sp.<\/strong><\/em><strong> <em>nov.<\/em><\/strong> que pertenece al grupo informal Takulumena, que se caracteriza por sus plantas monopodiales con tallos similares a Vanda e inflorescencias sucesivas, basales o laterales,<\/p>\n\n\n\n<figure class=\"wp-block-image size-full\"><img loading=\"lazy\" width=\"644\" height=\"450\" src=\"https:\/\/biodiversidadanp.sernanp.gob.pe\/wp-content\/uploads\/2023\/09\/image-1.png\" alt=\"\" class=\"wp-image-7913\" srcset=\"https:\/\/biodiversidadanp.sernanp.gob.pe\/wp-content\/uploads\/2023\/09\/image-1.png 644w, https:\/\/biodiversidadanp.sernanp.gob.pe\/wp-content\/uploads\/2023\/09\/image-1-300x210.png 300w, https:\/\/biodiversidadanp.sernanp.gob.pe\/wp-content\/uploads\/2023\/09\/image-1-18x12.png 18w\" sizes=\"(max-width: 644px) 100vw, 644px\" \/><figcaption>Foto: Jessy Arista<\/figcaption><\/figure>\n\n\n\n<p>Los investigadores han catalogado a esta especie como datos deficientes, y es conocida en cinco localidades de Per\u00fa y Ecuador, habita en bosques de monta\u00f1a h\u00fameda a una altitud de 1750 a 3000 m.<\/p>\n\n\n\n<p>Este nuevo descubrimiento confirma la gran diversidad que alberga nuestro pa\u00eds, sobre todo en el \u00e1mbito de las \u00e1reas naturales protegidas, destacando su gran valor para la conservaci\u00f3n de la biodiversidad.<\/p>\n\n\n\n<p>El art\u00edculo puede ser consultado en el siguiente enlace:<\/p>\n\n\n\n<p><a href=\"https:\/\/revistas.ucr.ac.cr\/index.php\/lankesteriana\/article\/view\/56342\">https:\/\/revistas.ucr.ac.cr\/index.php\/lankesteriana\/article\/view\/56342<\/a><\/p>\n","protected":false},"featured_media":0,"template":"","blocksy_meta":{"styles_descriptor":{"styles":{"desktop":"","tablet":"","mobile":""},"google_fonts":[],"version":4}},"aioseo_notices":[],"_links":{"self":[{"href":"https:\/\/biodiversidadanp.sernanp.gob.pe\/en\/wp-json\/wp\/v2\/noticias\/7912"}],"collection":[{"href":"https:\/\/biodiversidadanp.sernanp.gob.pe\/en\/wp-json\/wp\/v2\/noticias"}],"about":[{"href":"https:\/\/biodiversidadanp.sernanp.gob.pe\/en\/wp-json\/wp\/v2\/types\/noticias"}],"wp:attachment":[{"href":"https:\/\/biodiversidadanp.sernanp.gob.pe\/en\/wp-json\/wp\/v2\/media?parent=7912"}],"curies":[{"name":"wp","href":"https:\/\/api.w.org\/{rel}","templated":true}]}}